{"id":7612,"date":"2022-06-19T14:41:07","date_gmt":"2022-06-19T14:41:07","guid":{"rendered":"https:\/\/www.perito.cat\/?p=7612"},"modified":"2023-04-27T15:17:19","modified_gmt":"2023-04-27T15:17:19","slug":"premis-la-nit-del-detectiu-2022","status":"publish","type":"post","link":"https:\/\/www.perito.cat\/index.php\/2022\/06\/19\/premis-la-nit-del-detectiu-2022\/","title":{"rendered":"Premis La Nit del Detectiu 2022"},"content":{"rendered":"\t\t<div data-elementor-type=\"wp-post\" data-elementor-id=\"7612\" class=\"elementor elementor-7612\">\n\t\t\t\t\t\t\t\t\t<section class=\"elementor-section elementor-top-section elementor-element elementor-element-a3031f9 elementor-section-boxed elementor-section-height-default elementor-section-height-default\" data-id=\"a3031f9\" data-element_type=\"section\">\n\t\t\t\t\t\t<div class=\"elementor-container elementor-column-gap-default\">\n\t\t\t\t\t<div class=\"elementor-column elementor-col-100 elementor-top-column elementor-element elementor-element-8155e19\" data-id=\"8155e19\" data-element_type=\"column\">\n\t\t\t<div class=\"elementor-widget-wrap elementor-element-populated\">\n\t\t\t\t\t\t\t\t<div class=\"elementor-element elementor-element-5f27716 elementor-widget elementor-widget-thim-ekits-heading\" data-id=\"5f27716\" data-element_type=\"widget\" data-widget_type=\"thim-ekits-heading.default\">\n\t\t\t\t<div class=\"elementor-widget-container\">\n\t\t\t<div class=\"thim-ekits-heading thim-ekit__heading\"><h3 class=\"title\">Gr\u00e0cies per saltar amb mi de joia<\/h3><\/div>\t\t<\/div>\n\t\t\t\t<\/div>\n\t\t\t\t\t<\/div>\n\t\t<\/div>\n\t\t\t\t\t\t\t<\/div>\n\t\t<\/section>\n\t\t\t\t<section class=\"elementor-section elementor-top-section elementor-element elementor-element-0e90485 elementor-section-boxed elementor-section-height-default elementor-section-height-default\" data-id=\"0e90485\" data-element_type=\"section\">\n\t\t\t\t\t\t<div class=\"elementor-container elementor-column-gap-default\">\n\t\t\t\t\t<div class=\"elementor-column elementor-col-100 elementor-top-column elementor-element elementor-element-bbcba45\" data-id=\"bbcba45\" data-element_type=\"column\">\n\t\t\t<div class=\"elementor-widget-wrap elementor-element-populated\">\n\t\t\t\t\t\t\t\t<div class=\"elementor-element elementor-element-45d51be elementor-widget elementor-widget-text-editor\" data-id=\"45d51be\" data-element_type=\"widget\" data-widget_type=\"text-editor.default\">\n\t\t\t\t<div class=\"elementor-widget-container\">\n\t\t\t<style>\/*! elementor - v3.12.1 - 02-04-2023 *\/\n.elementor-widget-text-editor.elementor-drop-cap-view-stacked .elementor-drop-cap{background-color:#69727d;color:#fff}.elementor-widget-text-editor.elementor-drop-cap-view-framed .elementor-drop-cap{color:#69727d;border:3px solid;background-color:transparent}.elementor-widget-text-editor:not(.elementor-drop-cap-view-default) .elementor-drop-cap{margin-top:8px}.elementor-widget-text-editor:not(.elementor-drop-cap-view-default) .elementor-drop-cap-letter{width:1em;height:1em}.elementor-widget-text-editor .elementor-drop-cap{float:left;text-align:center;line-height:1;font-size:50px}.elementor-widget-text-editor .elementor-drop-cap-letter{display:inline-block}<\/style>\t\t\t\t<p>\u00c9s un honor rebre aquest reconeixement del Col\u00b7legi de Detectius Privats de Catalunya. Que els companys de professi\u00f3 m&#8217;atorguin un reconeixement per ser com s\u00f3c, per ser jo mateixa, \u00e9s al\u00b7lucinant!<\/p><p>Quan presto la meva ajuda, ho faig des del cor, aix\u00ed que gr\u00e0cies!<\/p>\t\t\t\t\t\t<\/div>\n\t\t\t\t<\/div>\n\t\t\t\t\t<\/div>\n\t\t<\/div>\n\t\t\t\t\t\t\t<\/div>\n\t\t<\/section>\n\t\t\t\t<section class=\"elementor-section elementor-top-section elementor-element elementor-element-3dd7115 elementor-section-boxed elementor-section-height-default elementor-section-height-default\" data-id=\"3dd7115\" data-element_type=\"section\">\n\t\t\t\t\t\t<div class=\"elementor-container elementor-column-gap-default\">\n\t\t\t\t\t<div class=\"elementor-column elementor-col-100 elementor-top-column elementor-element elementor-element-86d73d5\" data-id=\"86d73d5\" data-element_type=\"column\">\n\t\t\t<div class=\"elementor-widget-wrap elementor-element-populated\">\n\t\t\t\t\t\t\t\t<div class=\"elementor-element elementor-element-238bd0e elementor-widget elementor-widget-image\" data-id=\"238bd0e\" data-element_type=\"widget\" data-widget_type=\"image.default\">\n\t\t\t\t<div class=\"elementor-widget-container\">\n\t\t\t<style>\/*! elementor - v3.12.1 - 02-04-2023 *\/\n.elementor-widget-image{text-align:center}.elementor-widget-image a{display:inline-block}.elementor-widget-image a img[src$=\".svg\"]{width:48px}.elementor-widget-image img{vertical-align:middle;display:inline-block}<\/style>\t\t\t\t\t\t\t\t\t\t\t\t<img src=\"https:\/\/www.perito.cat\/wp-content\/uploads\/2022\/06\/2022-2_Premio_Sherlock_Esther-Gomez_la-nit-detectiu_peritocat-384x512.jpg\" title=\"2022-2_Premio_Sherlock_Esther-Gomez_la-nit-detectiu_peritocat\" alt=\"2022-2_Premio_Sherlock_Esther-Gomez_la-nit-detectiu_peritocat\" loading=\"lazy\" \/>\t\t\t\t\t\t\t\t\t\t\t\t\t\t\t<\/div>\n\t\t\t\t<\/div>\n\t\t\t\t\t<\/div>\n\t\t<\/div>\n\t\t\t\t\t\t\t<\/div>\n\t\t<\/section>\n\t\t\t\t<section class=\"elementor-section elementor-top-section elementor-element elementor-element-0adfc1f elementor-section-boxed elementor-section-height-default elementor-section-height-default\" data-id=\"0adfc1f\" data-element_type=\"section\">\n\t\t\t\t\t\t<div class=\"elementor-container elementor-column-gap-default\">\n\t\t\t\t\t<div class=\"elementor-column elementor-col-100 elementor-top-column elementor-element elementor-element-42934ec\" data-id=\"42934ec\" data-element_type=\"column\">\n\t\t\t<div class=\"elementor-widget-wrap elementor-element-populated\">\n\t\t\t\t\t\t\t\t<div class=\"elementor-element elementor-element-fc3263d elementor-widget elementor-widget-text-editor\" data-id=\"fc3263d\" data-element_type=\"widget\" data-widget_type=\"text-editor.default\">\n\t\t\t\t<div class=\"elementor-widget-container\">\n\t\t\t\t\t\t\t<p>He apr\u00e8s molt sobre tot el que he viscut al llarg d&#8217;aquests anys implicada amb la meva professi\u00f3 de Detectiu Privdat, amb el Col\u00b7legi Oficial de Detectius Privats de Catalunya i amb el Congr\u00e9s de Detectius DETECON. Per aix\u00f2, <strong>tinc molt a agrair<\/strong> i donar les gr\u00e0cies a tots els que han estat al meu costat en aquest cam\u00ed.<\/p><p>Primer de tot, sonar\u00e0 a t\u00f2pic, topada, per\u00f2 aquest reconeixent m&#8217;ho mereixo tant jo com el meu marit<strong> Fernando Schiaffino<\/strong> , despr\u00e9s de m\u00e9s de 20 anys junts, ell sap quant hem viscut, superat i treballat per arribar fins aqu\u00ed i mer\u00e8ixer aquest reconeixement.<\/p><p>Encara que realment avui no rebria aquest premi si per aqu\u00ed l&#8217;any 2014 un home amb car\u00e0cter, les idees molt clares, que despr\u00e8n una imponent energia i \u00e9s una mica\u2026 una mica for\u00e7a\u2026 impulsiu, em digu\u00e9s una tarda, i em pregunt\u00e9s si jo era\u2026 Esther G\u00f3mez. Arran d&#8217;aqu\u00ed, tots els companys ja sabeu la resta de la hist\u00f2ria, vaig presentar una proposta de pon\u00e8ncia per al primer DETCON, aquesta proposta va fascinar el President del Col\u00b7legi de Detectius d&#8217;aquella \u00e8poca, m&#8217;atreveixo a dir que l&#8217;Enric i jo vam ser els pioners a introduir, de forma rigorosa i professional, la Comunicaci\u00f3 No Verbal al m\u00f3n del Detectiu i la investigaci\u00f3 privada. Em van fer professora del #CAI Curs Avan\u00e7at en Investigaci\u00f3, amb l&#8217;assignatura Detecci\u00f3 de Mentides i Valoraci\u00f3 de la Credibilitat. Em van demanar unir-me a la Junta del Col\u00b7legi de Detectius, vaig fer m\u00e9s confer\u00e8ncies, vaig aportar m\u00e9s idees. Em van confiar la tresoreria del col\u00b7legi, noves confer\u00e8ncies, m\u00e9s aportacions al col\u00b7lectiu, volia ajudar i aix\u00ed ho vaig fer\u2026<\/p><p>Literalment <strong>Enrique Arranz<\/strong> em va obrir les portes de casa, per aix\u00f2 li estar\u00e9 tota la vida agra\u00efda, em va presentar a la seva dona, una persona meravellosa, amb gran cor, simp\u00e0tica, amable, maca\u2026 sempre que la veig intento estar-hi a prop que se m&#8217;enganxi alguna cosa de tot el que t\u00e9 de bo. Em va presentar molt\u00edssima gent, els seus amics, companys, <strong>Jaime Mateo<\/strong> bell\u00edssima persona, un company on n&#8217;hi hagi que sempre compta amb mi a la m\u00ednima que pot. Tamb\u00e9 vaig con\u00e8ixer <strong>David Sanmart\u00edn<\/strong> un home loqua\u00e7 amb una capacitat de paraula incre\u00efble, a qui no puc pagar tota l&#8217;ajuda que em d\u00f3na. Tamb\u00e9 vaig con\u00e8ixer la <strong>Merc\u00e8 Ferran<\/strong>, l&#8217;actual presidenta, la qual amb tot el sensible i perspica\u00e7 que \u00e9s amb les emocions, em va ajudar a adonar-me perqu\u00e8 la meva professi\u00f3 semblava estar estancada, aix\u00ed que tamb\u00e9 li agraeixo a ella. He tingut l&#8217;oportunitat de con\u00e8ixer moltes persones, vaig con\u00e8ixer <strong>Gemma Diaz<\/strong>, ella \u00e9s com aquesta cosina que \u00e9s com la teva millor amiga, com una mare, ella es va portar molt b\u00e9 amb mi quan jo estava malament del genoll, es va preocupar per mi, em va ajudar, va estar pendent en tot moment de mi i jo, sense poder caminar, all\u00e0, donant-ho tot pel Col\u00b7legi, els companys i el DETCON i ella amb mi, al meu costat, aix\u00ed que jo els ho agraeixo de tot cor i aquest reconeixement tamb\u00e9 va per ella.<\/p><p>S\u00e9 que tinc m\u00e9s gent a qui agrair aquest premi, <strong>Oscar Rosa<\/strong>, gr\u00e0cies! Em va al\u00b7lucinar la seva manera de pensar i de veure les coses. T\u00e9 una positivitat de l&#8217;extram\u00f3n, no s\u00e9 d&#8217;on treu aquesta positivitat que t\u00e9\u2026 A m\u00e9s, sap treure tot el millor de les persones, ell \u00e9s una meravellosa persona, gener\u00f3s, amb un do de gent incre\u00efble, amb una capacitat de paraula i d&#8217;organitzaci\u00f3 envejable . \u00d3scar Rosa m&#8217;ha recolzat molt en la meva carrera, sempre t\u00e9 bones paraules per a mi i la meva professionalitat, confia plenament en el meu rigor\u00f3s treball i sempre ho fa saber a tothom amb qui parla i em presenta, els transmet confian\u00e7a i orgull cap a la meva persona de manera que fins i tot ho fa millor que jo mateixa. Quan el vaig con\u00e8ixer, em vaig veure reflectida en ell, un professional on n&#8217;hi hagi, per descomptat aquest Sherlock en gran part \u00e9s seu.<\/p><p>Les germanes <strong>Villena, Elisenda i Carina<\/strong>, s\u00f3n com les germanes que mai no vaig tenir, un referent a seguir. Jo de gran vull ser com elles, les tinc al cor. <strong>Ignacio Mesa<\/strong> tamb\u00e9 m&#8217;ajuda molt, sempre em d\u00f3na idees per evolucionar a la meva carrera professional. <strong>Sergi Arias<\/strong>, amb el seu suport i consells tamb\u00e9 m&#8217;ha ajudat a tenir aquest Sherlock, a entendre el col\u00b7lectiu, la junta i el col\u00b7legi. Als meus germans en la professi\u00f3 que em valoren, recolzen, recolzen, ia m\u00e9s em cuiden quan estic de congr\u00e9s fora de Barcelona <strong>Raul Ramos, Pol Carbo i Oscar Fergo<\/strong>.<\/p><p>A un Guerrer on n&#8217;hi hagi, que em va donar l&#8217;oportunitat de cr\u00e9ixer internacionalment i em va oferir, amb el meu angl\u00e8s d&#8217;estar per casa, fer una confer\u00e8ncia a Romania, on m&#8217;han demanat tornar com a ponent diverses vegades, fins i tot em van fer un reconeixement a la millor confer\u00e8ncia, un orgull. All\u00e0 vaig con\u00e8ixer molts detectius d&#8217;altres pa\u00efsos i de gran reconeixement professional a nivell internacional. A m\u00e9s, gr\u00e0cies a oferir-me aquesta incre\u00efble viv\u00e8ncia, em va donar el valor per donar m\u00e9s confer\u00e8ncies internacionals i no posar-me l\u00edmits a mi mateixa, com per exemple al Jap\u00f3, al mateix T\u00f2quio, aix\u00ed que en part aquest reconeixement tamb\u00e9 \u00e9s gr\u00e0cies a <strong>Rafael Guerrero<\/strong>.<\/p><p>Segur que m&#8217;estic deixant a alg\u00fa\u2026 tots, tots, <strong>tots aquells que heu confiat en mi i en la meva professionalitat<\/strong>, en la meva especialitat en la valoraci\u00f3 de la credibilitat, a consultar-me tots els dubtes que teniu sobre un document, sobre un comportament, sobre una declaraci\u00f3 i sobretot, sobre aquelles ocultes que no aconseguieu saber si aquesta persona us estava mentint o dient la veritat, a m\u00e9s de proposar-me pericials innovadores, diferents que podien estar relacionades d&#8217;alguna manera amb les meves especialitats, gr\u00e0cies a tots per anar a mi i explicar amb mi, aix\u00f2 tamb\u00e9 \u00e9s per vosaltres.<\/p><p>Al meu amic<strong> Mario<\/strong>, que, sent el meu millor amic des de la universitat, que treballant al mateix sector, veiem la professi\u00f3 i el col\u00b7lectiu de diferent manera i em recorda que hi ha diferents cares de la moneda de ser Detectiu i per aix\u00f2 em fa mantenir els peus a terra, per ell tamb\u00e9 \u00e9s part d&#8217;aquest reconeixement.<\/p><p>Estar\u00e9 eternament agra\u00efda, a alg\u00fa que sempre em va tractar com una companya m\u00e9s, com una amiga des que em va con\u00e8ixer, em seguia i recolzava sense condicions. Tot all\u00f2 que jo proposava i feia per al col\u00b7legi, per al col\u00b7lectiu i per al DETCON, ell ho acceptava amb la confian\u00e7a que jo era qui ho portaria a terme, fins i tot sense saber el que era, fins i tot mantenint el misteri per als meus confer\u00e8ncies, ell em recolzava. Aquest suport incondicional el rebia de <strong>Ramon Fontanals<\/strong>, em va recolzar en tot moment, per ell tamb\u00e9 \u00e9s aquest premi i s\u00e9 que encara hi \u00e9s recolzant-me.<\/p><p>Finalment, vull fer una reflexi\u00f3, vull que tinguem en compte una cosa molt important, perqu\u00e8 moltes vegades se&#8217;ns oblida, el <strong>Col\u00b7legi de Detectius<\/strong> som tots, aix\u00ed que <strong>gr\u00e0cies a tots<\/strong> per aquesta incre\u00efble menci\u00f3!<\/p><p>Gr\u00e0cies de deb\u00f2 per aquest reconeixement, jo nom\u00e9s he donat el mateix que he rebut de cadascun de vosaltres. Gr\u00e0cies per saltar amb mi de joia!<\/p>\t\t\t\t\t\t<\/div>\n\t\t\t\t<\/div>\n\t\t\t\t\t<\/div>\n\t\t<\/div>\n\t\t\t\t\t\t\t<\/div>\n\t\t<\/section>\n\t\t\t\t<section class=\"elementor-section elementor-top-section elementor-element elementor-element-aafedee elementor-section-boxed elementor-section-height-default elementor-section-height-default\" data-id=\"aafedee\" data-element_type=\"section\">\n\t\t\t\t\t\t<div class=\"elementor-container elementor-column-gap-default\">\n\t\t\t\t\t<div class=\"elementor-column elementor-col-100 elementor-top-column elementor-element elementor-element-3ae1b6d\" data-id=\"3ae1b6d\" data-element_type=\"column\">\n\t\t\t<div class=\"elementor-widget-wrap elementor-element-populated\">\n\t\t\t\t\t\t\t\t<div class=\"elementor-element elementor-element-9df4f69 elementor-widget elementor-widget-image\" data-id=\"9df4f69\" data-element_type=\"widget\" data-widget_type=\"image.default\">\n\t\t\t\t<div class=\"elementor-widget-container\">\n\t\t\t\t\t\t\t\t\t\t\t\t\t\t\t<img src=\"https:\/\/www.perito.cat\/wp-content\/uploads\/2022\/06\/2022-3_Premio_Sherlock_Esther-Gomez_la-nit-detectiu_peritocat-384x512.jpg\" title=\"2022-3_Premio_Sherlock_Esther-Gomez_la-nit-detectiu_peritocat\" alt=\"2022-3_Premio_Sherlock_Esther-Gomez_la-nit-detectiu_peritocat\" loading=\"lazy\" \/>\t\t\t\t\t\t\t\t\t\t\t\t\t\t\t<\/div>\n\t\t\t\t<\/div>\n\t\t\t\t\t<\/div>\n\t\t<\/div>\n\t\t\t\t\t\t\t<\/div>\n\t\t<\/section>\n\t\t\t\t\t\t\t<\/div>\n\t\t","protected":false},"excerpt":{"rendered":"<p>Gr\u00e0cies per saltar amb mi de joia<br \/>\n\u00c9s un honor rebre aquest reconeixement del Col\u00b7legi de Detectius Privats de Catalunya. Que els companys de professi\u00f3 m&#8217;atorguin un reconeixement per ser com s\u00f3c, per ser jo mateixa, \u00e9s al\u00b7lucinant!<br \/>\nQuan presto <\/p>\n","protected":false},"author":2,"featured_media":1144,"comment_status":"closed","ping_status":"closed","sticky":false,"template":"","format":"standard","meta":[],"categories":[394,6],"tags":[361,363,365,367,369,371,373,375,377],"_links":{"self":[{"href":"https:\/\/www.perito.cat\/index.php\/wp-json\/wp\/v2\/posts\/7612"}],"collection":[{"href":"https:\/\/www.perito.cat\/index.php\/wp-json\/wp\/v2\/posts"}],"about":[{"href":"https:\/\/www.perito.cat\/index.php\/wp-json\/wp\/v2\/types\/post"}],"author":[{"embeddable":true,"href":"https:\/\/www.perito.cat\/index.php\/wp-json\/wp\/v2\/users\/2"}],"replies":[{"embeddable":true,"href":"https:\/\/www.perito.cat\/index.php\/wp-json\/wp\/v2\/comments?post=7612"}],"version-history":[{"count":4,"href":"https:\/\/www.perito.cat\/index.php\/wp-json\/wp\/v2\/posts\/7612\/revisions"}],"predecessor-version":[{"id":7616,"href":"https:\/\/www.perito.cat\/index.php\/wp-json\/wp\/v2\/posts\/7612\/revisions\/7616"}],"wp:featuredmedia":[{"embeddable":true,"href":"https:\/\/www.perito.cat\/index.php\/wp-json\/wp\/v2\/media\/1144"}],"wp:attachment":[{"href":"https:\/\/www.perito.cat\/index.php\/wp-json\/wp\/v2\/media?parent=7612"}],"wp:term":[{"taxonomy":"category","embeddable":true,"href":"https:\/\/www.perito.cat\/index.php\/wp-json\/wp\/v2\/categories?post=7612"},{"taxonomy":"post_tag","embeddable":true,"href":"https:\/\/www.perito.cat\/index.php\/wp-json\/wp\/v2\/tags?post=7612"}],"curies":[{"name":"wp","href":"https:\/\/api.w.org\/{rel}","templated":true}]}}