{"id":625,"date":"2016-06-28T09:43:52","date_gmt":"2016-06-28T09:43:52","guid":{"rendered":"http:\/\/www.perito.cat\/perito\/?p=625"},"modified":"2023-04-27T14:28:24","modified_gmt":"2023-04-27T14:28:24","slug":"taller-la-personalidad-a-traves-de-la-escritura","status":"publish","type":"post","link":"https:\/\/www.perito.cat\/index.php\/es\/2016\/06\/28\/taller-la-personalidad-a-traves-de-la-escritura\/","title":{"rendered":"TALLER LA PERSONALIDAD A TRAVES DE LA ESCRITURA"},"content":{"rendered":"<p>Ahora que ya ha acabado el curso lectivo c\u00e9ntrate en ti, en tus pasiones y ded\u00edcale una tarde a descubrir c\u00f3mo puede ayudar la grafolog\u00eda en tus relaciones sociales.<\/p>\n<p>El martes 5 de julio de 2016 puedes asistir de forma gratuita a este taller, en la sede de Alumni de la UB.<\/p>\n<p>Aprender\u00e1s lo que proyecta tu letra y lo que refleja la firma sobre la personalidad de los que te rodean.<\/p>\n<p>Para m\u00e1s info, <a href=\"http:\/\/www.alumni.ub.edu\/agenda\/personalitat-a-traves-escriptura-grafologia\/\">haz click\u00a0aqu\u00ed<\/a>.<\/p>\n<p><strong>LA PERSONALIDAD A TRAVES DE LA ESCRITURA<\/strong><\/p>\n<p>Fecha: martes 5 de julio de 2016<br \/>\nHora: 18:00 h.<br \/>\nLugar: Sede de Alumni Universidad de Barcelona \u00b7 Gran Via de les Corts Catalanes, 582<br \/>\nOrganiza: Club de P\u00e8rits Alumni Universitat de Barcelona<br \/>\nIdioma: Castellano<\/p>\n","protected":false},"excerpt":{"rendered":"<p>Ahora que ya ha acabado el curso lectivo c\u00e9ntrate en ti, en tus pasiones y ded\u00edcale una tarde a descubrir c\u00f3mo puede ayudar la grafolog\u00eda en tus relaciones sociales.<br \/>\nEl martes 5 de julio de 2016 puedes asistir de forma <\/p>\n","protected":false},"author":2,"featured_media":819,"comment_status":"closed","ping_status":"closed","sticky":false,"template":"","format":"standard","meta":[],"categories":[285,424],"tags":[554,452,524,556,526,528,558,560,530,486,562],"_links":{"self":[{"href":"https:\/\/www.perito.cat\/index.php\/wp-json\/wp\/v2\/posts\/625"}],"collection":[{"href":"https:\/\/www.perito.cat\/index.php\/wp-json\/wp\/v2\/posts"}],"about":[{"href":"https:\/\/www.perito.cat\/index.php\/wp-json\/wp\/v2\/types\/post"}],"author":[{"embeddable":true,"href":"https:\/\/www.perito.cat\/index.php\/wp-json\/wp\/v2\/users\/2"}],"replies":[{"embeddable":true,"href":"https:\/\/www.perito.cat\/index.php\/wp-json\/wp\/v2\/comments?post=625"}],"version-history":[{"count":2,"href":"https:\/\/www.perito.cat\/index.php\/wp-json\/wp\/v2\/posts\/625\/revisions"}],"predecessor-version":[{"id":933,"href":"https:\/\/www.perito.cat\/index.php\/wp-json\/wp\/v2\/posts\/625\/revisions\/933"}],"wp:featuredmedia":[{"embeddable":true,"href":"https:\/\/www.perito.cat\/index.php\/wp-json\/wp\/v2\/media\/819"}],"wp:attachment":[{"href":"https:\/\/www.perito.cat\/index.php\/wp-json\/wp\/v2\/media?parent=625"}],"wp:term":[{"taxonomy":"category","embeddable":true,"href":"https:\/\/www.perito.cat\/index.php\/wp-json\/wp\/v2\/categories?post=625"},{"taxonomy":"post_tag","embeddable":true,"href":"https:\/\/www.perito.cat\/index.php\/wp-json\/wp\/v2\/tags?post=625"}],"curies":[{"name":"wp","href":"https:\/\/api.w.org\/{rel}","templated":true}]}}